{"id":466213,"date":"2026-01-09T11:00:00","date_gmt":"2026-01-09T10:00:00","guid":{"rendered":"https:\/\/www.moreno.it\/?p=466213"},"modified":"2026-02-24T11:55:59","modified_gmt":"2026-02-24T10:55:59","slug":"toyota-chr-plus-suv-elettrico","status":"publish","type":"post","link":"https:\/\/www.moreno.it\/it\/toyota-chr-plus-suv-elettrico\/","title":{"rendered":"Toyota C-HR+: l\u2019evoluzione elettrica che cambia le regole del SUV compatto\u00a0"},"content":{"rendered":"\n<p>Parlare oggi di&nbsp;<strong>Toyota C-HR+<\/strong>&nbsp;significa entrare nel cuore della strategia elettrica di Toyota. Non si tratta solo di un nuovo modello, ma di una visione precisa della mobilit\u00e0 dei prossimi anni. Per capirla davvero, abbiamo raccolto il punto di vista di chi il&nbsp;brand&nbsp;lo vive ogni giorno. Fabio, brand manager Toyota di Moreno, ci accompagna in questo&nbsp;<strong>viaggio tra design, tecnologia e utilizzo reale.<\/strong>&nbsp;<\/p>\n\n\n\n<figure class=\"wp-block-image size-full\"><img loading=\"lazy\" decoding=\"async\" width=\"3200\" height=\"1800\" src=\"\/wp-content\/uploads\/2025\/12\/toyota-chr-profilo.webp\" alt=\"fiancata laterale della Toyota C-HR+ grigia su sfondo urbano \" class=\"wp-image-466218\" srcset=\"https:\/\/www.moreno.it\/wp-content\/uploads\/2025\/12\/toyota-chr-profilo.webp 3200w, https:\/\/www.moreno.it\/wp-content\/uploads\/2025\/12\/toyota-chr-profilo-300x169.webp 300w, https:\/\/www.moreno.it\/wp-content\/uploads\/2025\/12\/toyota-chr-profilo-1440x810.webp 1440w, https:\/\/www.moreno.it\/wp-content\/uploads\/2025\/12\/toyota-chr-profilo-165x92.webp 165w, https:\/\/www.moreno.it\/wp-content\/uploads\/2025\/12\/toyota-chr-profilo-768x432.webp 768w, https:\/\/www.moreno.it\/wp-content\/uploads\/2025\/12\/toyota-chr-profilo-1536x864.webp 1536w, https:\/\/www.moreno.it\/wp-content\/uploads\/2025\/12\/toyota-chr-profilo-2048x1152.webp 2048w\" sizes=\"auto, (max-width: 3200px) 100vw, 3200px\" \/><\/figure>\n\n\n\n<h2 class=\"wp-block-heading has-text-align-center\">Toyota C-HR+: a chi si rivolge davvero questo SUV elettrico?&nbsp;<\/h2>\n\n\n\n<p>Prima di tutto, una domanda semplice. Anzi, semplicissima:&nbsp;<strong>chi \u00e8 il cliente ideale del Toyota C-HR+?<\/strong>&nbsp;<br>Come spiega Fabio,<em>&nbsp;\u201cil C-HR+ nasce per chi cerca un&nbsp;<\/em><strong><em>SUV compatto 100% elettrico<\/em><\/strong><em>, con un carattere forte e riconoscibile, ma anche estremamente equilibrato nell\u2019uso quotidiano\u201d.<\/em>&nbsp;<\/p>\n\n\n\n<p>Soddisfa le esigenze di chi vuole passare all\u2019elettrico senza rinunce, mantenendo comfort, autonomia reale e facilit\u00e0 di&nbsp;ricarica.&nbsp;<\/p>\n\n\n\n<p>Fabio lo chiarisce subito:&nbsp;<em>\u201cil Toyota C-HR+ \u00e8 pensato per chi vive la citt\u00e0, ma ama anche uscire nel&nbsp;weekend. Per chi percorre tragitti casa-lavoro, ma non vuole rinunciare a una gita fuori porta\u201d<\/em>. Insomma,&nbsp;<strong>un\u2019auto elettrica versatile, capace di adattarsi a stili di vita diversi senza creare ansia da ricarica.<\/strong>&nbsp;<\/p>\n\n\n\n<p>E qui viene spontaneo chiedersi: che cosa significa, in concreto?&nbsp;<br>Significa avere un SUV compatto che si guida con facilit\u00e0, si parcheggia senza stress e offre una tecnologia pensata per semplificare la vita.&nbsp;<\/p>\n\n\n\n<h2 class=\"wp-block-heading has-text-align-center\">Quando si parla di elettrico, l\u2019autonomia \u00e8 sempre al centro della conversazione<\/h2>\n\n\n\n<p>Quando si affronta il tema dell\u2019autonomia, Fabio invita subito a distinguere tra dati ufficiali e utilizzo reale. Nel caso del\u00a0<strong>Toyota C-HR+<\/strong>, il ragionamento parte dalle\u00a0<strong>diverse soluzioni di batteria disponibili<\/strong>\u00a0e si completa solo\u00a0osservando come questi numeri si traducono nella guida di tutti i giorni. Un approccio concreto, che aiuta a capire quale versione sia davvero pi\u00f9 adatta alle proprie abitudini di mobilit\u00e0.\u00a0<\/p>\n\n\n\n<h3 class=\"wp-block-heading has-text-align-center\">Batterie e versioni disponibili<\/h3>\n\n\n\n<p>Toyota C-HR+ propone&nbsp;<strong>due principali configurazioni di batteria<\/strong>, pensate per esigenze diverse.&nbsp;<\/p>\n\n\n\n<p>Come ci spiega Fabio,&nbsp;<em>\u201cla prima opzione prevede una&nbsp;<\/em><strong><em>batteria da 57,7 kWh di capacit\u00e0 lorda<\/em><\/strong><em>, ideale per chi utilizza l\u2019auto soprattutto in ambito urbano e nel misto. La seconda sale a&nbsp;<\/em><strong><em>77,0 kWh, con un\u2019autonomia WLTP dichiarata che arriva fino a circa 600 km nel ciclo combinato<\/em><\/strong><em>.\u201d<\/em>&nbsp;<\/p>\n\n\n\n<p>Numeri interessanti. Ma la vera domanda \u00e8 un\u2019altra: quanto si percorre nella vita reale?<\/p>\n\n\n\n<h3 class=\"wp-block-heading has-text-align-center\">Autonomia reale: cosa aspettarsi<\/h3>\n\n\n\n<p>Secondo test indipendenti e simulazioni d\u2019uso quotidiano, come sottolinea Fabio, i dati reali sono questi:&nbsp;<\/p>\n\n\n\n<p><strong>57,7 kWh<\/strong>&nbsp;\u2192 circa&nbsp;<strong>330 km<\/strong>&nbsp;<strong>reali&nbsp;<\/strong>per carica in condizioni normali&nbsp;<\/p>\n\n\n\n<p><strong>77 kWh FWD<\/strong>&nbsp;\u2192 circa&nbsp;<strong>430 km<\/strong>&nbsp;<strong>reali<\/strong>&nbsp;<\/p>\n\n\n\n<p><strong>77 kWh AWD<\/strong>&nbsp;\u2192 autonomia leggermente inferiore, a fronte di maggiori prestazioni&nbsp;<\/p>\n\n\n\n<p>\u00c8 importante essere chiari:&nbsp;<strong>le autonomie WLTP<\/strong>&nbsp;rappresentano un valore massimo, influenzato da stile di guida, temperatura esterna, traffico e utilizzo dei sistemi di bordo. Tuttavia, il Toyota C-HR+ si posiziona molto bene nel suo segmento, soprattutto per chi cerca un&nbsp;<strong>equilibrio tra autonomia e usabilit\u00e0 quotidiana.<\/strong>&nbsp;<\/p>\n\n\n\n<figure class=\"wp-block-image size-full\"><img loading=\"lazy\" decoding=\"async\" width=\"1140\" height=\"600\" src=\"\/wp-content\/uploads\/2025\/12\/toyota-chr-ricarica.jpg\" alt=\"Toyota C-HR+ grigia in fase di ricarica su una colonnina elettrica davanti a un palazzo dallo stile contemporaneo \" class=\"wp-image-466219\" srcset=\"https:\/\/www.moreno.it\/wp-content\/uploads\/2025\/12\/toyota-chr-ricarica.jpg 1140w, https:\/\/www.moreno.it\/wp-content\/uploads\/2025\/12\/toyota-chr-ricarica-300x158.jpg 300w, https:\/\/www.moreno.it\/wp-content\/uploads\/2025\/12\/toyota-chr-ricarica-768x404.jpg 768w\" sizes=\"auto, (max-width: 1140px) 100vw, 1140px\" \/><\/figure>\n\n\n\n<h2 class=\"wp-block-heading has-text-align-center\">I tempi di ricarica&nbsp;della&nbsp;Toyota C-HR+&nbsp;<\/h2>\n\n\n\n<p>Uno dei punti chiave, come ci racconta Fabio,&nbsp;<em>\u201c\u00e8 l\u2019integrazione del C-HR+ nella routine quotidiana\u201d.<\/em>&nbsp;A&nbsp;casa&nbsp;o in ufficio con una&nbsp;<strong>wallbox&nbsp;in corrente&nbsp;alternata<\/strong>&nbsp;\u00e8 possibile ricaricare l\u2019auto durante la notte o nelle ore di sosta. Questa&nbsp;resta&nbsp;la scelta migliore per chi utilizza l\u2019auto ogni giorno.&nbsp;In pratica, si parte ogni mattina con la batteria carica. Senza pensarci troppo.&nbsp;<\/p>\n\n\n\n<p><strong>Ricarica AC<\/strong>&nbsp;<\/p>\n\n\n\n<ul class=\"wp-block-list\">\n<li><strong>11 kW AC standard<\/strong>&nbsp;\u2192 ricarica completa in circa 6-8 ore&nbsp;<\/li>\n<\/ul>\n\n\n\n<ul class=\"wp-block-list\">\n<li><strong>22 kW AC<\/strong>&nbsp;(versioni superiori) \u2192 tempi pi\u00f9 rapidi, ideale per&nbsp;wallbox&nbsp;trifase&nbsp;<\/li>\n<\/ul>\n\n\n\n<p>E quando si viaggia?&nbsp;Nessun problema. Il Toyota C-HR+ supporta la ricarica rapida in corrente continua:&nbsp;<strong>la ricarica rapida DC&nbsp;\u00e8&nbsp;perfetta nei viaggi<\/strong>, con colonnine da&nbsp;<strong>150 kW<\/strong>,&nbsp;<strong>si passa dal 10% all\u201980% in circa 28-30 minuti.&nbsp;<\/strong>Il tempo di una pausa caff\u00e8. O poco pi\u00f9.&nbsp;<\/p>\n\n\n\n<p>Come sottolinea Fabio,&nbsp;<em>\u201cla vera comodit\u00e0 sta nella flessibilit\u00e0\u201d.<\/em>&nbsp;L\u2019auto si adatta ai ritmi di chi la guida, non il contrario.<\/p>\n\n\n\n<figure class=\"wp-block-image size-full\"><img loading=\"lazy\" decoding=\"async\" width=\"1920\" height=\"1709\" src=\"\/wp-content\/uploads\/2025\/12\/chr-design.webp\" alt=\"veduta posteriore della Toyota C-HR+ in viaggio su un ponte autostradale \" class=\"wp-image-466220\" srcset=\"https:\/\/www.moreno.it\/wp-content\/uploads\/2025\/12\/chr-design.webp 1920w, https:\/\/www.moreno.it\/wp-content\/uploads\/2025\/12\/chr-design-300x267.webp 300w, https:\/\/www.moreno.it\/wp-content\/uploads\/2025\/12\/chr-design-1440x1282.webp 1440w, https:\/\/www.moreno.it\/wp-content\/uploads\/2025\/12\/chr-design-768x684.webp 768w, https:\/\/www.moreno.it\/wp-content\/uploads\/2025\/12\/chr-design-1536x1367.webp 1536w\" sizes=\"auto, (max-width: 1920px) 100vw, 1920px\" \/><\/figure>\n\n\n\n<h2 class=\"wp-block-heading has-text-align-center\">Design e carattere:&nbsp;uno&nbsp;stile che non passa inosservato&nbsp;<\/h2>\n\n\n\n<p>Uno degli elementi pi\u00f9 caratteristici del Toyota C-HR+ \u00e8 il design. E qui Toyota va sul sicuro. Il modello riprende le linee decise della famiglia C-HR, reinterpretandole in chiave elettrica.&nbsp;<\/p>\n\n\n\n<p>Come spiega Fabio,&nbsp;<em>\u201cl\u2019architettura dedicata consente un baricentro basso, vantaggi dinamici evidenti e proporzioni ben bilanciate\u201d.<\/em>&nbsp;Il risultato \u00e8 un&nbsp;<strong>SUV compatto dall\u2019aspetto moderno, dinamico e personale.&nbsp;<\/strong>\u00c8 un\u2019auto che si nota. Ma senza esagerare.&nbsp;<\/p>\n\n\n\n<h3 class=\"wp-block-heading has-text-align-center\">Toyota C-HR+ interni: tecnologia e comfort al centro<\/h3>\n\n\n\n<p>Entrando nell\u2019abitacolo, si capisce subito il lavoro fatto sull\u2019esperienza a bordo. Gli interni del Toyota C-HR+ sono moderni, curati e funzionali.&nbsp;<\/p>\n\n\n\n<p>Fabio ci spiega che l\u2019ambiente \u00e8 pensato per il comfort del guidatore e dei passeggeri.&nbsp;<em>\u201cI materiali sono piacevoli al tatto, l\u2019organizzazione \u00e8 intuitiva e il sistema multimediale con&nbsp;<\/em><strong><em>display centrale da 14\u201d<\/em><\/strong><em>&nbsp;diventa il vero centro di controllo dell\u2019auto\u201d.<\/em>&nbsp;<\/p>\n\n\n\n<p>Tutto \u00e8 orientato alla semplicit\u00e0.&nbsp;<\/p>\n\n\n\n<figure class=\"wp-block-image size-full\"><img loading=\"lazy\" decoding=\"async\" width=\"3200\" height=\"1800\" src=\"\/wp-content\/uploads\/2025\/12\/toyota-chr-guida.webp\" alt=\"abitacolo anteriore della Toyota C-HR+ con display centrale \" class=\"wp-image-466221\" srcset=\"https:\/\/www.moreno.it\/wp-content\/uploads\/2025\/12\/toyota-chr-guida.webp 3200w, https:\/\/www.moreno.it\/wp-content\/uploads\/2025\/12\/toyota-chr-guida-300x169.webp 300w, https:\/\/www.moreno.it\/wp-content\/uploads\/2025\/12\/toyota-chr-guida-1440x810.webp 1440w, https:\/\/www.moreno.it\/wp-content\/uploads\/2025\/12\/toyota-chr-guida-165x92.webp 165w, https:\/\/www.moreno.it\/wp-content\/uploads\/2025\/12\/toyota-chr-guida-768x432.webp 768w, https:\/\/www.moreno.it\/wp-content\/uploads\/2025\/12\/toyota-chr-guida-1536x864.webp 1536w, https:\/\/www.moreno.it\/wp-content\/uploads\/2025\/12\/toyota-chr-guida-2048x1152.webp 2048w\" sizes=\"auto, (max-width: 3200px) 100vw, 3200px\" \/><\/figure>\n\n\n\n<h2 class=\"wp-block-heading has-text-align-center\">Sicurezza e tecnologia: il cuore del Toyota&nbsp;Safety&nbsp;Sense<\/h2>\n\n\n\n<p>Sul fronte della sicurezza, Toyota non scende a compromessi. Come ci spiega Fabio, il C-HR+ integra l\u2019ultima evoluzione del&nbsp;<strong>Toyota&nbsp;Safety&nbsp;Sense.<\/strong>&nbsp;<\/p>\n\n\n\n<p>Il sistema lavora in modo continuo e spesso impercettibile. Il&nbsp;<strong>Pre-Collision&nbsp;System&nbsp;<\/strong>monitora veicoli, pedoni, ciclisti e motociclisti.&nbsp;<strong>Il Safe Exit Assist&nbsp;<\/strong>aiuta a evitare l\u2019apertura delle portiere in situazioni pericolose, una funzione utilissima in citt\u00e0.&nbsp;<\/p>\n\n\n\n<p>Si aggiungono poi gli&nbsp;<strong>abbaglianti automatici<\/strong>, il&nbsp;<strong>monitoraggio dell\u2019attenzione<\/strong>&nbsp;del guidatore e numerosi altri sistemi pensati per aumentare la sicurezza attiva e passiva.&nbsp;<\/p>\n\n\n\n<h2 class=\"wp-block-heading has-text-align-center\">Quando arriva il Toyota C-HR+ in concessionaria?<\/h2>\n\n\n\n<p>Le vendite del nuovo Toyota C-HR+ sono gi\u00e0 aperte, ma come precisa Fabio, le prime consegne reali sono previste per la Primavera 2026.&nbsp;<\/p>\n\n\n\n<p>Il consiglio? Informarsi per tempo. Valutare configurazioni, versioni e soluzioni di mobilit\u00e0 pi\u00f9 adatte alle proprie esigenze.&nbsp;<\/p>\n\n\n\n<p>In conclusione, il Toyota C-HR+ rappresenta un passo deciso verso una mobilit\u00e0 elettrica pi\u00f9 accessibile, pratica e rassicurante. \u00c8 un SUV compatto che unisce design, autonomia reale, comfort e sicurezza.&nbsp;<\/p>\n\n\n\n<p>Come direbbe Fabio,&nbsp;<em>\u201cnon promette miracoli. Promette equilibrio\u201d<\/em>. Ed \u00e8 proprio questo il suo punto di forza.&nbsp;<\/p>\n\n\n\n<p>Se vuoi scoprire di pi\u00f9 sul mondo Toyota e sulle soluzioni di mobilit\u00e0 elettrica di Moreno, il momento giusto per iniziare \u00e8 adesso.&nbsp;<\/p>\n\n\n    <div id=\"block_a2a54422e18b95c574313ffac1be71b6\" class=\"block-post-cta blue-pagina  my-8 md:my-16\">\n        <div class=\"aniline absolute -left-24 top-[20px] z-50 block\">\n            <span class=\"before h-[1px]\"><\/span>\n            <span class=\"after h-[3px]\"><\/span>\n        <\/div>\n        <div class=\"inner-text\">\n            <div class=\"aniline absolute -right-4 bottom-[20px] z-50 block\">\n                <span class=\"before h-[3px]\"><\/span>\n                <span class=\"after h-[1px]\"><\/span>\n            <\/div>\n        <\/div>\n\n        <div class=\"inner-text\">\n            <div class=\"text-center\">\n                <h3 class=\"text-4xl\"><\/h3>\n            <\/div>\n            <div class=\"text-center\">\n                <p>Vuoi sapere quando sar\u00e0 disponibile in showroom?<\/p>\n            <\/div>\n\n            <div class=\"text-center\">\n                                    <button class=\"btn btn-secondary open-button\" data-target=\"form-block_a2a54422e18b95c574313ffac1be71b6\">\n                        Contattaci                    <\/button>\n                            <\/div>\n        <\/div>\n    <\/div>\n\n<div id=\"form-block_a2a54422e18b95c574313ffac1be71b6\" class=\"modulo-popup post-form-popup\">\n    <div class=\"content\">\n        <span class=\"chiudi top open-button open\" data-target=\"form-block_a2a54422e18b95c574313ffac1be71b6\"><\/span>\n        <div class=\"no-sent open\">\n            <div class=\"inner-text\">\n                <h2><\/h2>\n            <\/div>\n            \n<div class=\"wpcf7 no-js\" id=\"wpcf7-f5-o1\" lang=\"it-IT\" dir=\"ltr\" data-wpcf7-id=\"5\">\n<div class=\"screen-reader-response\"><p role=\"status\" aria-live=\"polite\" aria-atomic=\"true\"><\/p> <ul><\/ul><\/div>\n<form action=\"\/it\/wp-json\/wp\/v2\/posts\/466213#wpcf7-f5-o1\" method=\"post\" class=\"wpcf7-form init\" aria-label=\"Modulo di contatto\" novalidate=\"novalidate\" data-status=\"init\">\n<fieldset class=\"hidden-fields-container\"><input type=\"hidden\" name=\"_wpcf7\" value=\"5\" \/><input type=\"hidden\" name=\"_wpcf7_version\" value=\"6.1.5\" \/><input type=\"hidden\" name=\"_wpcf7_locale\" value=\"it_IT\" \/><input type=\"hidden\" name=\"_wpcf7_unit_tag\" value=\"wpcf7-f5-o1\" \/><input type=\"hidden\" name=\"_wpcf7_container_post\" value=\"0\" \/><input type=\"hidden\" name=\"_wpcf7_posted_data_hash\" value=\"\" \/><input type=\"hidden\" name=\"_wpcf7cf_hidden_group_fields\" value=\"[]\" \/><input type=\"hidden\" name=\"_wpcf7cf_hidden_groups\" value=\"[]\" \/><input type=\"hidden\" name=\"_wpcf7cf_visible_groups\" value=\"[]\" \/><input type=\"hidden\" name=\"_wpcf7cf_repeaters\" value=\"[]\" \/><input type=\"hidden\" name=\"_wpcf7cf_steps\" value=\"{}\" \/><input type=\"hidden\" name=\"_wpcf7cf_options\" value=\"{&quot;form_id&quot;:5,&quot;conditions&quot;:[],&quot;settings&quot;:{&quot;animation&quot;:&quot;yes&quot;,&quot;animation_intime&quot;:200,&quot;animation_outtime&quot;:200,&quot;conditions_ui&quot;:&quot;normal&quot;,&quot;notice_dismissed&quot;:false}}\" \/>\n<\/fieldset>\n<label><span class=\"floating-label\">Nome Cognome<\/span><span class=\"wpcf7-form-control-wrap\" data-name=\"nome\"><input size=\"40\" maxlength=\"400\" class=\"wpcf7-form-control wpcf7-text wpcf7-validates-as-required\" aria-required=\"true\" aria-invalid=\"false\" value=\"\" type=\"text\" name=\"nome\" \/><\/span><\/label>\n<label><span class=\"floating-label\">Email<\/span><span class=\"wpcf7-form-control-wrap\" data-name=\"email\"><input size=\"40\" maxlength=\"400\" class=\"wpcf7-form-control wpcf7-email wpcf7-validates-as-required wpcf7-text wpcf7-validates-as-email\" aria-required=\"true\" aria-invalid=\"false\" value=\"\" type=\"email\" name=\"email\" \/><\/span><\/label>\n<label><span class=\"floating-label\">Telefono<\/span> <span class=\"wpcf7-form-control-wrap\" data-name=\"telefono\"><input size=\"40\" maxlength=\"400\" class=\"wpcf7-form-control wpcf7-tel wpcf7-text wpcf7-validates-as-tel\" aria-invalid=\"false\" value=\"\" type=\"tel\" name=\"telefono\" \/><\/span><\/label>\n<label class=\"messaggio\"><span class=\"floating-label\">Messaggio<\/span> <span class=\"wpcf7-form-control-wrap\" data-name=\"messaggio\"><textarea cols=\"40\" rows=\"10\" maxlength=\"2000\" class=\"wpcf7-form-control wpcf7-textarea\" aria-invalid=\"false\" name=\"messaggio\"><\/textarea><\/span><\/label>\n<span class=\"wpcf7-form-control-wrap\" data-name=\"privacy\"><span class=\"wpcf7-form-control wpcf7-acceptance\"><span class=\"wpcf7-list-item\"><label><input type=\"checkbox\" name=\"privacy\" value=\"1\" aria-invalid=\"false\" \/><span class=\"wpcf7-list-item-label\">Accetto l\u2019informativa sulla <a href=\"\/it\/privacy-policy\">privacy<\/a> e autorizzo il trattamento dei miei dati personali<\/span><\/label><\/span><\/span><\/span>\n\n\n<input class=\"wpcf7-form-control wpcf7-hidden\" value=\"\" type=\"hidden\" name=\"makes\" \/>\n<input class=\"wpcf7-form-control wpcf7-hidden\" value=\"\" type=\"hidden\" name=\"models\" \/>\n<input class=\"wpcf7-form-control wpcf7-hidden\" value=\"\" type=\"hidden\" name=\"id\" \/>\n<input class=\"wpcf7-form-control wpcf7-hidden\" value=\"\" type=\"hidden\" name=\"category\" \/>\n<input class=\"wpcf7-form-control wpcf7-hidden\" value=\"\" type=\"hidden\" name=\"postid\" \/>\n<input class=\"wpcf7-form-control wpcf7-hidden\" value=\"\" type=\"hidden\" name=\"formtype\" \/>\n<input class=\"wpcf7-form-control wpcf7-hidden\" value=\"\" type=\"hidden\" name=\"car-usage\" \/>\n\n<input class=\"wpcf7-form-control wpcf7-utm\" value=\"\" type=\"hidden\" name=\"utm_campaign\" \/>\n<input class=\"wpcf7-form-control wpcf7-utm\" value=\"\" type=\"hidden\" name=\"utm_source\" \/>\n<input class=\"wpcf7-form-control wpcf7-utm\" value=\"\" type=\"hidden\" name=\"utm_medium\" \/>\n<input class=\"wpcf7-form-control wpcf7-utm\" value=\"\" type=\"hidden\" name=\"utm_content\" \/>\n\n<span class=\"wpcf7-form-control-wrap\" data-name=\"hcap-cf7\">\t\t<input\n\t\t\t\ttype=\"hidden\"\n\t\t\t\tclass=\"hcaptcha-widget-id\"\n\t\t\t\tname=\"hcaptcha-widget-id\"\n\t\t\t\tvalue=\"eyJzb3VyY2UiOlsiY29udGFjdC1mb3JtLTdcL3dwLWNvbnRhY3QtZm9ybS03LnBocCJdLCJmb3JtX2lkIjo1fQ==-192a1e5be7b8e957e5dfa568b7c19b46\">\n\t\t\t\t<span id=\"hcap_cf7-69db8ab8663646.31365505\" class=\"wpcf7-form-control h-captcha \"\n\t\t\tdata-sitekey=\"1789ae63-c3d8-4baf-b4f4-bbb9c436d7bb\"\n\t\t\tdata-theme=\"light\"\n\t\t\tdata-size=\"invisible\"\n\t\t\tdata-auto=\"false\"\n\t\t\tdata-ajax=\"false\"\n\t\t\tdata-force=\"false\">\n\t\t<\/span>\n\t\t<input type=\"hidden\" id=\"_wpnonce\" name=\"_wpnonce\" value=\"2aca4f1dfe\" \/><input type=\"hidden\" name=\"_wp_http_referer\" value=\"\/it\/wp-json\/wp\/v2\/posts\/466213\" \/><\/span><input class=\"wpcf7-form-control wpcf7-submit has-spinner\" type=\"submit\" value=\"Chiedi informazioni\" \/><input type='hidden' class='wpcf7-pum' value='{\"closepopup\":false,\"closedelay\":0,\"openpopup\":false,\"openpopup_id\":0}' \/><div class=\"wpcf7-response-output\" aria-hidden=\"true\"><\/div>\n<\/form>\n<\/div>\n        <\/div>\n    <\/div>\n<\/div>\n","protected":false},"excerpt":{"rendered":"<p>Parlare oggi di\u00a0Toyota C-HR+\u00a0significa entrare nel cuore della strategia elettrica di Toyota. Non si tratta solo di un nuovo modello, ma di una visione precisa della mobilit\u00e0 dei prossimi anni. Per capirla davvero, abbiamo raccolto il punto di vista di chi il\u00a0brand\u00a0lo vive ogni giorno. Fabio, brand manager Toyota di Moreno, ci accompagna in questo\u00a0viaggio tra design, tecnologia e utilizzo reale.\u00a0<\/p>\n","protected":false},"author":15,"featured_media":466216,"comment_status":"closed","ping_status":"closed","sticky":false,"template":"","format":"standard","meta":{"_acf_changed":false,"footnotes":""},"categories":[425,426],"tags":[432,434,438,493,562,563],"class_list":["post-466213","post","type-post","status-publish","format-standard","has-post-thumbnail","hentry","category-automotive","category-auto-elettriche-innovazione","tag-suv","tag-auto-innovative","tag-toyota","tag-auto-elettrica","tag-toyota-c-hr-2","tag-elettrico-toyota"],"acf":[],"_links":{"self":[{"href":"https:\/\/www.moreno.it\/it\/wp-json\/wp\/v2\/posts\/466213","targetHints":{"allow":["GET"]}}],"collection":[{"href":"https:\/\/www.moreno.it\/it\/wp-json\/wp\/v2\/posts"}],"about":[{"href":"https:\/\/www.moreno.it\/it\/wp-json\/wp\/v2\/types\/post"}],"author":[{"embeddable":true,"href":"https:\/\/www.moreno.it\/it\/wp-json\/wp\/v2\/users\/15"}],"replies":[{"embeddable":true,"href":"https:\/\/www.moreno.it\/it\/wp-json\/wp\/v2\/comments?post=466213"}],"version-history":[{"count":3,"href":"https:\/\/www.moreno.it\/it\/wp-json\/wp\/v2\/posts\/466213\/revisions"}],"predecessor-version":[{"id":466878,"href":"https:\/\/www.moreno.it\/it\/wp-json\/wp\/v2\/posts\/466213\/revisions\/466878"}],"wp:featuredmedia":[{"embeddable":true,"href":"https:\/\/www.moreno.it\/it\/wp-json\/wp\/v2\/media\/466216"}],"wp:attachment":[{"href":"https:\/\/www.moreno.it\/it\/wp-json\/wp\/v2\/media?parent=466213"}],"wp:term":[{"taxonomy":"category","embeddable":true,"href":"https:\/\/www.moreno.it\/it\/wp-json\/wp\/v2\/categories?post=466213"},{"taxonomy":"post_tag","embeddable":true,"href":"https:\/\/www.moreno.it\/it\/wp-json\/wp\/v2\/tags?post=466213"}],"curies":[{"name":"wp","href":"https:\/\/api.w.org\/{rel}","templated":true}]}}